{"id":645,"date":"2025-10-03T16:07:19","date_gmt":"2025-10-03T16:07:19","guid":{"rendered":"https:\/\/swissphysiopartner.ch\/?p=645"},"modified":"2025-11-07T09:34:09","modified_gmt":"2025-11-07T09:34:09","slug":"premiere-im-tessin-unser-erstes-fuehrungskraefte-seminar-im-netzwerk","status":"publish","type":"post","link":"https:\/\/swissphysiopartner.ch\/it\/premiere-im-tessin-unser-erstes-fuehrungskraefte-seminar-im-netzwerk\/","title":{"rendered":"Prima in Ticino: il nostro primo seminario di management in rete"},"content":{"rendered":"<p>\u00c8 proprio qui che si inserisce il nostro primo seminario manageriale in Ticino, un'offerta specifica per i manager degli studi professionali della nostra rete.<\/p>\n\n\n\n<h3 class=\"wp-block-heading has-medium-font-size\"><strong><strong>Perch\u00e9 le capacit\u00e0 di leadership sono fondamentali in fisioterapia<\/strong><\/strong><\/h3>\n\n\n\n<p style=\"font-size:16px\">La carenza di manodopera qualificata rappresenta una sfida importante per molte aziende. I dipendenti di oggi non vogliono solo essere gestiti professionalmente, ma anche a livello personale. Per i manager si tratta di un gioco di equilibri: sono al tempo stesso il punto di contatto per il loro team e devono gestire lo studio dal punto di vista economico. La domanda chiave \u00e8 quindi: come possono i dipendenti venire al lavoro con piacere? Una buona leadership significa fornire orientamento, creare fiducia, instaurare una sana cultura del feedback e padroneggiare l'equilibrio tra elogi e critiche. Chi d\u00e0 il giusto impulso manterr\u00e0 il proprio team a lungo termine e rafforzer\u00e0 lo studio.<\/p>\n\n\n\n<h3 class=\"wp-block-heading has-medium-font-size\"><strong><strong>Strumenti direttamente applicabili<\/strong><\/strong><\/h3>\n\n\n\n<p style=\"font-size:16px\">Il seminario non era incentrato su una teoria arida, ma su questioni specifiche tratte dalla pratica quotidiana. L'attenzione si \u00e8 concentrata su vari argomenti come la gestione dei conflitti, le fonti di autorit\u00e0, la gestione per obiettivi e l'equilibrio tra vicinanza e distanza. \u00c8 stato anche approfondito il ruolo del linguaggio: come le parole e le formulazioni hanno un effetto e quale responsabilit\u00e0 \u00e8 associata ad esse. Un punto di forza per i partecipanti \u00e8 stato l'esauriente \"Pacchetto di sopravvivenza\", un manuale con oltre 100 pagine di strumenti pratici, dal messaggio \"Io\" in tre parti per correggere un comportamento scorretto alla conversazione correttiva ideale.<\/p>\n\n\n\n<h3 class=\"wp-block-heading has-medium-font-size\"><strong><strong><strong>Voci dal seminario<\/strong><\/strong><\/strong><\/h3>\n\n\n\n<p style=\"font-size:16px\">Lorenzo Trimboli, responsabile del Centro Specialisti della Salute, ha definito il seminario \"davvero utile, stimolante e direttamente applicabile\". Altri hanno sottolineato quanto sia stato sollevante vedere colleghi alle prese con sfide quasi identiche. Il dialogo tra colleghi \u00e8 stato ritenuto importante quanto il contributo professionale: una vera e propria esperienza di apprendimento.<\/p>\n\n\n\n<h3 class=\"wp-block-heading has-medium-font-size\"><strong><strong><strong><strong>Maggiore pace e tranquillit\u00e0 nella vita quotidiana<\/strong><\/strong><\/strong><\/strong><\/h3>\n\n\n\n<p style=\"font-size:16px\">Chi rafforza le proprie capacit\u00e0 di leadership in fisioterapia sperimenta una maggiore compostezza nella vita quotidiana dello studio. Le decisioni sono pi\u00f9 facili da prendere, i processi si svolgono in modo pi\u00f9 fluido e lo studio acquista stabilit\u00e0. In caso di sfide particolari, c'\u00e8 la possibilit\u00e0 di uno scambio congiunto: i titolari di studi medici di sedi diverse si mettono in rete, si scambiano esperienze e traggono vantaggio l'uno dall'altro.<\/p>\n\n\n\n<h3 class=\"wp-block-heading has-medium-font-size\"><strong>Prospettive: La leadership come cultura viva<\/strong><\/h3>\n\n\n\n<p style=\"font-size:16px\">La prima ha dimostrato quanto sia grande l'interesse per la formazione pratica. Ora dobbiamo mantenere vivo ci\u00f2 che abbiamo imparato, attraverso la pratica continua e gli scambi regolari durante le riunioni dei nostri dirigenti. In questo modo, la conoscenza non solo viene raccolta, ma diventa parte integrante della nostra cultura manageriale.<\/p>\n\n\n\n<p style=\"font-size:16px\">Sono gi\u00e0 in programma altri seminari, tra cui quelli sulla fidelizzazione del personale in fisioterapia, sulla comunicazione moderna e sugli strumenti digitali per l'organizzazione dello studio. Il nostro obiettivo rimane chiaro: rafforzare i manager della rete in modo che abbiano pi\u00f9 energia per l'essenziale: i pazienti.<\/p>\n\n\n\n<p style=\"font-size:16px\"><strong>Iscrivetevi subito alla nostra newsletter e sarete i primi a sapere quando si terr\u00e0 il prossimo seminario sulla gestione.<\/strong><\/p>","protected":false},"excerpt":{"rendered":"<p>Chiunque gestisca un centro di movimento o uno studio di fisioterapia sa che lavorare con i pazienti \u00e8 una cosa, essere manager \u00e8 un'altra. Le questioni relative al personale, le crescenti aspettative dei dipendenti e i compiti organizzativi richiedono molto tempo. Spesso nella vita di tutti i giorni c'\u00e8 poco spazio per lo sviluppo personale di un manager.<\/p>","protected":false},"author":6,"featured_media":1611,"comment_status":"closed","ping_status":"closed","sticky":false,"template":"","format":"standard","meta":{"_acf_changed":false,"footnotes":""},"categories":[4],"tags":[],"class_list":["post-645","post","type-post","status-publish","format-standard","has-post-thumbnail","hentry","category-neues-aus-dem-netzwerk"],"acf":[],"yoast_head":"<!-- This site is optimized with the Yoast SEO Premium plugin v26.8 (Yoast SEO v27.4) - https:\/\/yoast.com\/product\/yoast-seo-premium-wordpress\/ -->\n<title>Premiere im Tessin: Unser erstes F\u00fchrungskr\u00e4fte-Seminar im Netzwerk - Swiss Physio Partner<\/title>\n<meta name=\"robots\" content=\"index, follow, max-snippet:-1, max-image-preview:large, max-video-preview:-1\" \/>\n<link rel=\"canonical\" href=\"https:\/\/swissphysiopartner.ch\/it\/premiere-im-tessin-unser-erstes-fuehrungskraefte-seminar-im-netzwerk\/\" \/>\n<meta property=\"og:locale\" content=\"it_IT\" \/>\n<meta property=\"og:type\" content=\"article\" \/>\n<meta property=\"og:title\" content=\"Premiere im Tessin: Unser erstes F\u00fchrungskr\u00e4fte-Seminar im Netzwerk\" \/>\n<meta property=\"og:description\" content=\"Wer ein Bewegungszentrum oder eine Physiotherapie-Praxis f\u00fchrt, weiss: Die Arbeit mit Patienten ist das eine \u2013 die Rolle als F\u00fchrungskraft das andere. Personalfragen, steigende Erwartungen der Mitarbeitenden und organisatorische Aufgaben kosten viel Zeit. F\u00fcr die eigene Weiterentwicklung als F\u00fchrungskraft bleibt im Alltag oft wenig Raum.\" \/>\n<meta property=\"og:url\" content=\"https:\/\/swissphysiopartner.ch\/it\/premiere-im-tessin-unser-erstes-fuehrungskraefte-seminar-im-netzwerk\/\" \/>\n<meta property=\"og:site_name\" content=\"Swiss Physio Partner\" \/>\n<meta property=\"article:published_time\" content=\"2025-10-03T16:07:19+00:00\" \/>\n<meta property=\"article:modified_time\" content=\"2025-11-07T09:34:09+00:00\" \/>\n<meta property=\"og:image\" content=\"https:\/\/swissphysiopartner.ch\/wp-content\/uploads\/IMG-20250929-WA0017-scaled.jpg\" \/>\n\t<meta property=\"og:image:width\" content=\"2560\" \/>\n\t<meta property=\"og:image:height\" content=\"1919\" \/>\n\t<meta property=\"og:image:type\" content=\"image\/jpeg\" \/>\n<meta name=\"author\" content=\"Corina Rainer\" \/>\n<meta name=\"twitter:card\" content=\"summary_large_image\" \/>\n<meta name=\"twitter:label1\" content=\"Scritto da\" \/>\n\t<meta name=\"twitter:data1\" content=\"Corina Rainer\" \/>\n\t<meta name=\"twitter:label2\" content=\"Tempo di lettura stimato\" \/>\n\t<meta name=\"twitter:data2\" content=\"3 minuti\" \/>\n<script type=\"application\/ld+json\" class=\"yoast-schema-graph\">{\"@context\":\"https:\\\/\\\/schema.org\",\"@graph\":[{\"@type\":\"Article\",\"@id\":\"https:\\\/\\\/swissphysiopartner.ch\\\/premiere-im-tessin-unser-erstes-fuehrungskraefte-seminar-im-netzwerk\\\/#article\",\"isPartOf\":{\"@id\":\"https:\\\/\\\/swissphysiopartner.ch\\\/premiere-im-tessin-unser-erstes-fuehrungskraefte-seminar-im-netzwerk\\\/\"},\"author\":{\"name\":\"Corina Rainer\",\"@id\":\"https:\\\/\\\/swissphysiopartner.ch\\\/#\\\/schema\\\/person\\\/7e45cbacaad65b21ec97b7a363c65758\"},\"headline\":\"Premiere im Tessin: Unser erstes F\u00fchrungskr\u00e4fte-Seminar im Netzwerk\",\"datePublished\":\"2025-10-03T16:07:19+00:00\",\"dateModified\":\"2025-11-07T09:34:09+00:00\",\"mainEntityOfPage\":{\"@id\":\"https:\\\/\\\/swissphysiopartner.ch\\\/premiere-im-tessin-unser-erstes-fuehrungskraefte-seminar-im-netzwerk\\\/\"},\"wordCount\":461,\"publisher\":{\"@id\":\"https:\\\/\\\/swissphysiopartner.ch\\\/#organization\"},\"image\":{\"@id\":\"https:\\\/\\\/swissphysiopartner.ch\\\/premiere-im-tessin-unser-erstes-fuehrungskraefte-seminar-im-netzwerk\\\/#primaryimage\"},\"thumbnailUrl\":\"https:\\\/\\\/swissphysiopartner.ch\\\/wp-content\\\/uploads\\\/IMG-20250929-WA0017-scaled.jpg\",\"articleSection\":[\"Neues aus dem Netzwerk\"],\"inLanguage\":\"it-IT\"},{\"@type\":\"WebPage\",\"@id\":\"https:\\\/\\\/swissphysiopartner.ch\\\/premiere-im-tessin-unser-erstes-fuehrungskraefte-seminar-im-netzwerk\\\/\",\"url\":\"https:\\\/\\\/swissphysiopartner.ch\\\/premiere-im-tessin-unser-erstes-fuehrungskraefte-seminar-im-netzwerk\\\/\",\"name\":\"Premiere im Tessin: Unser erstes F\u00fchrungskr\u00e4fte-Seminar im Netzwerk - Swiss Physio Partner\",\"isPartOf\":{\"@id\":\"https:\\\/\\\/swissphysiopartner.ch\\\/#website\"},\"primaryImageOfPage\":{\"@id\":\"https:\\\/\\\/swissphysiopartner.ch\\\/premiere-im-tessin-unser-erstes-fuehrungskraefte-seminar-im-netzwerk\\\/#primaryimage\"},\"image\":{\"@id\":\"https:\\\/\\\/swissphysiopartner.ch\\\/premiere-im-tessin-unser-erstes-fuehrungskraefte-seminar-im-netzwerk\\\/#primaryimage\"},\"thumbnailUrl\":\"https:\\\/\\\/swissphysiopartner.ch\\\/wp-content\\\/uploads\\\/IMG-20250929-WA0017-scaled.jpg\",\"datePublished\":\"2025-10-03T16:07:19+00:00\",\"dateModified\":\"2025-11-07T09:34:09+00:00\",\"breadcrumb\":{\"@id\":\"https:\\\/\\\/swissphysiopartner.ch\\\/premiere-im-tessin-unser-erstes-fuehrungskraefte-seminar-im-netzwerk\\\/#breadcrumb\"},\"inLanguage\":\"it-IT\",\"potentialAction\":[{\"@type\":\"ReadAction\",\"target\":[\"https:\\\/\\\/swissphysiopartner.ch\\\/premiere-im-tessin-unser-erstes-fuehrungskraefte-seminar-im-netzwerk\\\/\"]}]},{\"@type\":\"ImageObject\",\"inLanguage\":\"it-IT\",\"@id\":\"https:\\\/\\\/swissphysiopartner.ch\\\/premiere-im-tessin-unser-erstes-fuehrungskraefte-seminar-im-netzwerk\\\/#primaryimage\",\"url\":\"https:\\\/\\\/swissphysiopartner.ch\\\/wp-content\\\/uploads\\\/IMG-20250929-WA0017-scaled.jpg\",\"contentUrl\":\"https:\\\/\\\/swissphysiopartner.ch\\\/wp-content\\\/uploads\\\/IMG-20250929-WA0017-scaled.jpg\",\"width\":2560,\"height\":1919},{\"@type\":\"BreadcrumbList\",\"@id\":\"https:\\\/\\\/swissphysiopartner.ch\\\/premiere-im-tessin-unser-erstes-fuehrungskraefte-seminar-im-netzwerk\\\/#breadcrumb\",\"itemListElement\":[{\"@type\":\"ListItem\",\"position\":1,\"name\":\"Home\",\"item\":\"https:\\\/\\\/swissphysiopartner.ch\\\/\"},{\"@type\":\"ListItem\",\"position\":2,\"name\":\"Premiere im Tessin: Unser erstes F\u00fchrungskr\u00e4fte-Seminar im Netzwerk\"}]},{\"@type\":\"WebSite\",\"@id\":\"https:\\\/\\\/swissphysiopartner.ch\\\/#website\",\"url\":\"https:\\\/\\\/swissphysiopartner.ch\\\/\",\"name\":\"Swiss Physio Partner\",\"description\":\"Fit f\u00fcr die Zukunft\",\"publisher\":{\"@id\":\"https:\\\/\\\/swissphysiopartner.ch\\\/#organization\"},\"potentialAction\":[{\"@type\":\"SearchAction\",\"target\":{\"@type\":\"EntryPoint\",\"urlTemplate\":\"https:\\\/\\\/swissphysiopartner.ch\\\/?s={search_term_string}\"},\"query-input\":{\"@type\":\"PropertyValueSpecification\",\"valueRequired\":true,\"valueName\":\"search_term_string\"}}],\"inLanguage\":\"it-IT\"},{\"@type\":\"Organization\",\"@id\":\"https:\\\/\\\/swissphysiopartner.ch\\\/#organization\",\"name\":\"Swiss Physio Partner\",\"url\":\"https:\\\/\\\/swissphysiopartner.ch\\\/\",\"logo\":{\"@type\":\"ImageObject\",\"inLanguage\":\"it-IT\",\"@id\":\"https:\\\/\\\/swissphysiopartner.ch\\\/#\\\/schema\\\/logo\\\/image\\\/\",\"url\":\"https:\\\/\\\/swissphysiopartner.ch\\\/wp-content\\\/uploads\\\/Logo-01-copy.svg\",\"contentUrl\":\"https:\\\/\\\/swissphysiopartner.ch\\\/wp-content\\\/uploads\\\/Logo-01-copy.svg\",\"caption\":\"Swiss Physio Partner\"},\"image\":{\"@id\":\"https:\\\/\\\/swissphysiopartner.ch\\\/#\\\/schema\\\/logo\\\/image\\\/\"},\"sameAs\":[\"https:\\\/\\\/www.linkedin.com\\\/company\\\/swiss-physio-partner\\\/\"]},{\"@type\":\"Person\",\"@id\":\"https:\\\/\\\/swissphysiopartner.ch\\\/#\\\/schema\\\/person\\\/7e45cbacaad65b21ec97b7a363c65758\",\"name\":\"Corina Rainer\"}]}<\/script>\n<!-- \/ Yoast SEO Premium plugin. -->","yoast_head_json":{"title":"Premiere im Tessin: Unser erstes F\u00fchrungskr\u00e4fte-Seminar im Netzwerk - Swiss Physio Partner","robots":{"index":"index","follow":"follow","max-snippet":"max-snippet:-1","max-image-preview":"max-image-preview:large","max-video-preview":"max-video-preview:-1"},"canonical":"https:\/\/swissphysiopartner.ch\/it\/premiere-im-tessin-unser-erstes-fuehrungskraefte-seminar-im-netzwerk\/","og_locale":"it_IT","og_type":"article","og_title":"Premiere im Tessin: Unser erstes F\u00fchrungskr\u00e4fte-Seminar im Netzwerk","og_description":"Wer ein Bewegungszentrum oder eine Physiotherapie-Praxis f\u00fchrt, weiss: Die Arbeit mit Patienten ist das eine \u2013 die Rolle als F\u00fchrungskraft das andere. Personalfragen, steigende Erwartungen der Mitarbeitenden und organisatorische Aufgaben kosten viel Zeit. F\u00fcr die eigene Weiterentwicklung als F\u00fchrungskraft bleibt im Alltag oft wenig Raum.","og_url":"https:\/\/swissphysiopartner.ch\/it\/premiere-im-tessin-unser-erstes-fuehrungskraefte-seminar-im-netzwerk\/","og_site_name":"Swiss Physio Partner","article_published_time":"2025-10-03T16:07:19+00:00","article_modified_time":"2025-11-07T09:34:09+00:00","og_image":[{"width":2560,"height":1919,"url":"https:\/\/swissphysiopartner.ch\/wp-content\/uploads\/IMG-20250929-WA0017-scaled.jpg","type":"image\/jpeg"}],"author":"Corina Rainer","twitter_card":"summary_large_image","twitter_misc":{"Scritto da":"Corina Rainer","Tempo di lettura stimato":"3 minuti"},"schema":{"@context":"https:\/\/schema.org","@graph":[{"@type":"Article","@id":"https:\/\/swissphysiopartner.ch\/premiere-im-tessin-unser-erstes-fuehrungskraefte-seminar-im-netzwerk\/#article","isPartOf":{"@id":"https:\/\/swissphysiopartner.ch\/premiere-im-tessin-unser-erstes-fuehrungskraefte-seminar-im-netzwerk\/"},"author":{"name":"Corina Rainer","@id":"https:\/\/swissphysiopartner.ch\/#\/schema\/person\/7e45cbacaad65b21ec97b7a363c65758"},"headline":"Premiere im Tessin: Unser erstes F\u00fchrungskr\u00e4fte-Seminar im Netzwerk","datePublished":"2025-10-03T16:07:19+00:00","dateModified":"2025-11-07T09:34:09+00:00","mainEntityOfPage":{"@id":"https:\/\/swissphysiopartner.ch\/premiere-im-tessin-unser-erstes-fuehrungskraefte-seminar-im-netzwerk\/"},"wordCount":461,"publisher":{"@id":"https:\/\/swissphysiopartner.ch\/#organization"},"image":{"@id":"https:\/\/swissphysiopartner.ch\/premiere-im-tessin-unser-erstes-fuehrungskraefte-seminar-im-netzwerk\/#primaryimage"},"thumbnailUrl":"https:\/\/swissphysiopartner.ch\/wp-content\/uploads\/IMG-20250929-WA0017-scaled.jpg","articleSection":["Neues aus dem Netzwerk"],"inLanguage":"it-IT"},{"@type":"WebPage","@id":"https:\/\/swissphysiopartner.ch\/premiere-im-tessin-unser-erstes-fuehrungskraefte-seminar-im-netzwerk\/","url":"https:\/\/swissphysiopartner.ch\/premiere-im-tessin-unser-erstes-fuehrungskraefte-seminar-im-netzwerk\/","name":"Premiere im Tessin: Unser erstes F\u00fchrungskr\u00e4fte-Seminar im Netzwerk - Swiss Physio Partner","isPartOf":{"@id":"https:\/\/swissphysiopartner.ch\/#website"},"primaryImageOfPage":{"@id":"https:\/\/swissphysiopartner.ch\/premiere-im-tessin-unser-erstes-fuehrungskraefte-seminar-im-netzwerk\/#primaryimage"},"image":{"@id":"https:\/\/swissphysiopartner.ch\/premiere-im-tessin-unser-erstes-fuehrungskraefte-seminar-im-netzwerk\/#primaryimage"},"thumbnailUrl":"https:\/\/swissphysiopartner.ch\/wp-content\/uploads\/IMG-20250929-WA0017-scaled.jpg","datePublished":"2025-10-03T16:07:19+00:00","dateModified":"2025-11-07T09:34:09+00:00","breadcrumb":{"@id":"https:\/\/swissphysiopartner.ch\/premiere-im-tessin-unser-erstes-fuehrungskraefte-seminar-im-netzwerk\/#breadcrumb"},"inLanguage":"it-IT","potentialAction":[{"@type":"ReadAction","target":["https:\/\/swissphysiopartner.ch\/premiere-im-tessin-unser-erstes-fuehrungskraefte-seminar-im-netzwerk\/"]}]},{"@type":"ImageObject","inLanguage":"it-IT","@id":"https:\/\/swissphysiopartner.ch\/premiere-im-tessin-unser-erstes-fuehrungskraefte-seminar-im-netzwerk\/#primaryimage","url":"https:\/\/swissphysiopartner.ch\/wp-content\/uploads\/IMG-20250929-WA0017-scaled.jpg","contentUrl":"https:\/\/swissphysiopartner.ch\/wp-content\/uploads\/IMG-20250929-WA0017-scaled.jpg","width":2560,"height":1919},{"@type":"BreadcrumbList","@id":"https:\/\/swissphysiopartner.ch\/premiere-im-tessin-unser-erstes-fuehrungskraefte-seminar-im-netzwerk\/#breadcrumb","itemListElement":[{"@type":"ListItem","position":1,"name":"Home","item":"https:\/\/swissphysiopartner.ch\/"},{"@type":"ListItem","position":2,"name":"Premiere im Tessin: Unser erstes F\u00fchrungskr\u00e4fte-Seminar im Netzwerk"}]},{"@type":"WebSite","@id":"https:\/\/swissphysiopartner.ch\/#website","url":"https:\/\/swissphysiopartner.ch\/","name":"Partner fisioterapico svizzero","description":"In forma per il futuro","publisher":{"@id":"https:\/\/swissphysiopartner.ch\/#organization"},"potentialAction":[{"@type":"SearchAction","target":{"@type":"EntryPoint","urlTemplate":"https:\/\/swissphysiopartner.ch\/?s={search_term_string}"},"query-input":{"@type":"PropertyValueSpecification","valueRequired":true,"valueName":"search_term_string"}}],"inLanguage":"it-IT"},{"@type":"Organization","@id":"https:\/\/swissphysiopartner.ch\/#organization","name":"Partner fisioterapico svizzero","url":"https:\/\/swissphysiopartner.ch\/","logo":{"@type":"ImageObject","inLanguage":"it-IT","@id":"https:\/\/swissphysiopartner.ch\/#\/schema\/logo\/image\/","url":"https:\/\/swissphysiopartner.ch\/wp-content\/uploads\/Logo-01-copy.svg","contentUrl":"https:\/\/swissphysiopartner.ch\/wp-content\/uploads\/Logo-01-copy.svg","caption":"Swiss Physio Partner"},"image":{"@id":"https:\/\/swissphysiopartner.ch\/#\/schema\/logo\/image\/"},"sameAs":["https:\/\/www.linkedin.com\/company\/swiss-physio-partner\/"]},{"@type":"Person","@id":"https:\/\/swissphysiopartner.ch\/#\/schema\/person\/7e45cbacaad65b21ec97b7a363c65758","name":"Corina Rainer"}]}},"_links":{"self":[{"href":"https:\/\/swissphysiopartner.ch\/it\/wp-json\/wp\/v2\/posts\/645","targetHints":{"allow":["GET"]}}],"collection":[{"href":"https:\/\/swissphysiopartner.ch\/it\/wp-json\/wp\/v2\/posts"}],"about":[{"href":"https:\/\/swissphysiopartner.ch\/it\/wp-json\/wp\/v2\/types\/post"}],"author":[{"embeddable":true,"href":"https:\/\/swissphysiopartner.ch\/it\/wp-json\/wp\/v2\/users\/6"}],"replies":[{"embeddable":true,"href":"https:\/\/swissphysiopartner.ch\/it\/wp-json\/wp\/v2\/comments?post=645"}],"version-history":[{"count":19,"href":"https:\/\/swissphysiopartner.ch\/it\/wp-json\/wp\/v2\/posts\/645\/revisions"}],"predecessor-version":[{"id":1791,"href":"https:\/\/swissphysiopartner.ch\/it\/wp-json\/wp\/v2\/posts\/645\/revisions\/1791"}],"wp:featuredmedia":[{"embeddable":true,"href":"https:\/\/swissphysiopartner.ch\/it\/wp-json\/wp\/v2\/media\/1611"}],"wp:attachment":[{"href":"https:\/\/swissphysiopartner.ch\/it\/wp-json\/wp\/v2\/media?parent=645"}],"wp:term":[{"taxonomy":"category","embeddable":true,"href":"https:\/\/swissphysiopartner.ch\/it\/wp-json\/wp\/v2\/categories?post=645"},{"taxonomy":"post_tag","embeddable":true,"href":"https:\/\/swissphysiopartner.ch\/it\/wp-json\/wp\/v2\/tags?post=645"}],"curies":[{"name":"wp","href":"https:\/\/api.w.org\/{rel}","templated":true}]}}